{"id":6278,"date":"2018-05-08T08:36:43","date_gmt":"2018-05-08T08:36:43","guid":{"rendered":"http:\/\/www.innoform-coaching.de\/blog\/?p=6278"},"modified":"2018-05-08T13:23:36","modified_gmt":"2018-05-08T13:23:36","slug":"presseschau-verpackung-zwischen-vermeidung-und-recycling","status":"publish","type":"post","link":"https:\/\/www.innoform-coaching.de\/blog\/2018\/05\/08\/presseschau-verpackung-zwischen-vermeidung-und-recycling\/","title":{"rendered":"Presseschau: Verpackung zwischen Vermeidung und Recycling"},"content":{"rendered":"<p><strong>Verpackung zwischen Vermeidung und Recycling<\/strong><\/p>\n<p><em>Kunststoffverpackungen zu reduzieren, zu vermeiden, recyclingf\u00e4hig zu gestalten \u2013 diese Themen scheinen en vogue, glaubt man Presseberichten der ersten Monate des Jahres. Lebensmittelh\u00e4ndler wollen weniger Verpackung, B\u00fcrger auch, war zu lesen, so mancher propagierte gar das \u201ePlastikfasten\u201c. Aber auch Gegenstimmen wurden laut, die etwa auf Probleme aufmerksam machten, wenn weniger verpackt w\u00fcrde. In der Fachpresse konzentrierten sich die Kollegen dagegen auf Entwicklungen in der Recyclinglandschaft.<\/em><\/p>\n<p>Rund 95 Prozent der Verbraucher seien f\u00fcr eine Reduzierung der Materialmenge bei Verpackungen. Das habe eine Umfrage der Unternehmensberatung PwC ergeben, wie zum Beispiel die <em>Frankfurter Rundschau<\/em> berichtet. Rund 80 Prozent f\u00e4nden bei Produkten wie Obst und Gem\u00fcse eine Verpackung grunds\u00e4tzlich \u00fcberfl\u00fcssig. Erste Lebensmittelh\u00e4ndler scheinen den Trend aufzugreifen. Wie das <em>Handelsblatt<\/em> und die <em>Wirtschaftswoche<\/em> berichten, wollen Aldi, Lidl, Edeka und Rewe sich darum bem\u00fchen, Verpackungsabf\u00e4lle zu vermeiden. Sie alle best\u00e4tigen auf Anfrage, dass sie immer mehr unverpacktes Obst und Gem\u00fcse anbieten wollen. Lidl teste dar\u00fcber hinaus den Einsatz von Zellulosenetzen und gartenkompostierbarer Folien. Auch die <em>Frankfurter Allgemeine Zeitung<\/em> fragt sich, ob es denn sein m\u00fcsse, dass selbst die Biogurke in Folie verpackt sei. Bei Zahnpasta oder Fertig-Tortellini sei dagegen die Plastikverpackung sinnvoll. Generell h\u00e4tten Verpackungen viel mit den weltweiten Handelsbeziehungen zu tun. L\u00e4ngere Haltbarkeit und Informationsweitergabe seien wesentliche Punkte. Wer weniger Verpackungen wolle, m\u00fcsse diese Strukturen grunds\u00e4tzlich hinterfragen. Auch die ver\u00e4nderten Einkaufsgewohnheiten der Verbraucher. Wir h\u00e4tten uns an l\u00e4ngere Haltbarkeiten gew\u00f6hnt, wird ein Lebensmittelexperte zitiert, der vorrechnet, wie viel l\u00e4nger ein Rindersteak genie\u00dfbar ist, wenn es verpackt war. Die <em>Sonntagszeitung<\/em> z\u00e4hlt viele Beispiele auf, die verdeutlichen sollen, warum der Abfallberg wachse und warum nicht alles im Recycling landen k\u00f6nne. Probleme bei der Sortierung, fehlendes Interesse an Recyclingkunststoff und billige Rohstoffpreise seien letztlich die Gr\u00fcnde. In der <em>Welt<\/em> setzt man sich damit auseinander, welche neuen Probleme der Verzicht auf Plastikverpackungen mit sich bringe, nachdem sie zahlreiche Beispiele von Reduktionsversuchen beschrieben hat. Die \u201eVerpackungsfreiwelle\u201c kn\u00fcpfe an das Unbehagen von Verbrauchern an, der Ruf von Kunststoff als Verpackungsmaterial sei l\u00e4diert, seit Abf\u00e4lle im Meer ein Thema seien. Sollten aber Kunststoffverpackungen aus den Regalen verschwinden, nehme die Verschwendung an Lebensmitteln zu \u2013 ebenso wie die Kosten f\u00fcr den Handel nach dessen eigener Einsch\u00e4tzung. \u201eWir m\u00fcssen Verpackungen viel mehr feiern\u201c, sagt gegen den vermeintlichen Trend der \u00d6kodesign-Experte Michael Braungart in einem Interview mit der <em>Zeit<\/em> (online). Der Professor und Erfinder des Cradle to Cradle Ansatzes (C2C) h\u00e4lt verpackungsfreie Superm\u00e4rkte f\u00fcr Aktionismus. Plastik werde unn\u00f6tig d\u00e4monisiert. Entscheidend sei, womit man verpacke, weist der Chemiker und Professor f\u00fcr Verfahrenstechnik darauf hin.<\/p>\n<p><a href=\"http:\/\/www.handelsblatt.com\/unternehmen\/handel-konsumgueter\/nachhaltigkeit-lebensmittelhaendler-wollen-weniger-plastikverpackungen\/20897212.html\"><strong>\u201eLebensmittelh\u00e4ndler wollen weniger Plastikverpackungen\u201c<\/strong><\/a> (Handelsblatt, 26.1.2018, spiegel.de, 26.1.2018, FAZ 13.2.2018)<\/p>\n<p><a href=\"https:\/\/www.verpackungsrundschau.de\/80+4+nutzen+eigene+behaelter+zum+einkaufen+.191210.htm\"><strong>\u201eTsch\u00fcss Plastikt\u00fcte?\u201c <\/strong><\/a>(Verpackungsrundschau, 4.4.2018, wiwo, 9.1.2018)<\/p>\n<p><strong>\u201eWarum die Bio-Gurke in Plastik verpackt ist\u201c <\/strong>(FAZ Sonntagszeitung, 25.3.2018, welt.de 15.3.2018)<\/p>\n<p><strong><a href=\"https:\/\/www.welt.de\/wirtschaft\/article175087580\/Verpackung-Verzicht-auf-Plastik-bringt-ein-Haltbarkeitsproblem.html\">\u201eVerzicht auf Plastik bringt neues Problem\u201c<\/a> <\/strong>(Welt, 2.4.2018)<\/p>\n<p><a href=\"https:\/\/www.plasticseurope.org\/de\/newsroom\/press-releases\/plastikfasten-nein-danke\"><strong>\u201ePlastikfasten -Nein Danke.\u201c<\/strong> <\/a>(KI, Spiegel Online 14.2.2018, GKV 15.2.2018, rp-online, 26.2.2018)<\/p>\n<p><strong>\u201eB\u00fcrger wollen weniger Verpackungsm\u00fcll!\u201c<\/strong> (Umfrage von PriceWaterhouse in Euwid 20.02.2018)<\/p>\n<p><strong>Ryan-Air will plastikfrei werden<\/strong> (KI, 21.3.2018)<\/p>\n<p><a href=\"https:\/\/www.verpackungsrundschau.de\/nachrichten\/produkte\/kette+nordsee+sucht+nach+verpackungsalternativen+.190960.htm\"><strong>Nordsee setzt auf Verpackungen aus Algen<\/strong><\/a> (verpackungsrundschau.de 27.3.2018)<\/p>\n<p><a href=\"https:\/\/www.zeit.de\/wirtschaft\/2018-03\/plastik-verpackungen-oekodesign-michael-braungart-interview\">Plastik:<strong>&#8220;Wir m\u00fcssen Verpackungen viel mehr feiern&#8221; <\/strong><\/a>(zeit.de, 4.4.2018)<\/p>\n","protected":false},"excerpt":{"rendered":"<p>Verpackung zwischen Vermeidung und Recycling Kunststoffverpackungen zu reduzieren, zu vermeiden, recyclingf\u00e4hig zu gestalten \u2013 diese Themen scheinen en vogue, glaubt man Presseberichten der ersten Monate des Jahres. Lebensmittelh\u00e4ndler wollen weniger Verpackung, B\u00fcrger auch, war zu lesen, so mancher propagierte gar das \u201ePlastikfasten\u201c. Aber auch Gegenstimmen wurden laut, die etwa auf Probleme aufmerksam machten, wenn weniger [&hellip;]<\/p>\n","protected":false},"author":9,"featured_media":6274,"comment_status":"open","ping_status":"open","sticky":false,"template":"","format":"standard","meta":{"footnotes":""},"categories":[670,131,681,671,672,673,674,683,675,3,278,677,684,685,1,686,687,55,678,688,730],"tags":[2142,2143,1188,2136,2141,1193,2145,1597,2135,2144,2137,548,2139,2138,2157,1332,2134,17,1303,2140],"class_list":["post-6278","post","type-post","status-publish","format-standard","has-post-thumbnail","hentry","category-abfuelltechnik","category-barrierefolien","category-biofolien","category-digitaldruck","category-farben_und_klebstoffe","category-recycling","category-etiketten_sleeves","category-flexodruck","category-folienherstellung_veredelung","category-folienpruefung","category-inno-letter","category-lebensmittelrecht","category-primaerverpackungen","category-migration","category-news-news","category-q-management","category-repro","category-standbeutel","category-thermoformen-2","category-tiefdruck","category-verpackungsdesign","tag-bio-gurke","tag-c2c","tag-cradle-to-cradle","tag-gartenkompostierbar","tag-handelsbeziehungen","tag-kunststoffverpackungen","tag-lebensmittelhaendler","tag-plastik","tag-plastikfasten","tag-plastiktuete","tag-plastikverpackung","tag-recyclingfaehig","tag-reduktionsversuche","tag-rohstoffpreise","tag-uli_martin","tag-unverpackt","tag-verpackungsfreie-supermaerkte","tag-verpackungsmaterial","tag-verpackungsmuell","tag-zelllosenetze"],"aioseo_notices":[],"_links":{"self":[{"href":"https:\/\/www.innoform-coaching.de\/blog\/wp-json\/wp\/v2\/posts\/6278","targetHints":{"allow":["GET"]}}],"collection":[{"href":"https:\/\/www.innoform-coaching.de\/blog\/wp-json\/wp\/v2\/posts"}],"about":[{"href":"https:\/\/www.innoform-coaching.de\/blog\/wp-json\/wp\/v2\/types\/post"}],"author":[{"embeddable":true,"href":"https:\/\/www.innoform-coaching.de\/blog\/wp-json\/wp\/v2\/users\/9"}],"replies":[{"embeddable":true,"href":"https:\/\/www.innoform-coaching.de\/blog\/wp-json\/wp\/v2\/comments?post=6278"}],"version-history":[{"count":4,"href":"https:\/\/www.innoform-coaching.de\/blog\/wp-json\/wp\/v2\/posts\/6278\/revisions"}],"predecessor-version":[{"id":6286,"href":"https:\/\/www.innoform-coaching.de\/blog\/wp-json\/wp\/v2\/posts\/6278\/revisions\/6286"}],"wp:featuredmedia":[{"embeddable":true,"href":"https:\/\/www.innoform-coaching.de\/blog\/wp-json\/wp\/v2\/media\/6274"}],"wp:attachment":[{"href":"https:\/\/www.innoform-coaching.de\/blog\/wp-json\/wp\/v2\/media?parent=6278"}],"wp:term":[{"taxonomy":"category","embeddable":true,"href":"https:\/\/www.innoform-coaching.de\/blog\/wp-json\/wp\/v2\/categories?post=6278"},{"taxonomy":"post_tag","embeddable":true,"href":"https:\/\/www.innoform-coaching.de\/blog\/wp-json\/wp\/v2\/tags?post=6278"}],"curies":[{"name":"wp","href":"https:\/\/api.w.org\/{rel}","templated":true}]}}